{"id":837,"date":"2024-05-13T18:42:18","date_gmt":"2024-05-13T16:42:18","guid":{"rendered":"https:\/\/isais.live\/?p=837"},"modified":"2024-05-13T18:47:14","modified_gmt":"2024-05-13T16:47:14","slug":"enfantinterieur_traumatisme","status":"publish","type":"post","link":"https:\/\/isais.live\/index.php\/2024\/05\/13\/enfantinterieur_traumatisme\/","title":{"rendered":"MON HISTOIRE"},"content":{"rendered":"[et_pb_section fb_built=\u00a0\u00bb1&Prime; _builder_version=\u00a0\u00bb3.29.3&Prime;][et_pb_row _builder_version=\u00a0\u00bb3.29.3&Prime;][et_pb_column _builder_version=\u00a0\u00bb3.29.3&Prime; type=\u00a0\u00bb4_4&Prime;][et_pb_text _builder_version=\u00a0\u00bb3.29.3&Prime; hover_enabled=\u00a0\u00bb0&Prime;]\n<p><span>RETROSPECTIVE<\/span><\/p>\n<div class=\"x1iorvi4 x1pi30zi x1l90r2v x1swvt13\" data-ad-comet-preview=\"message\" data-ad-preview=\"message\" id=\":r7u:\">\n<div class=\"x78zum5 xdt5ytf xz62fqu x16ldp7u\">\n<div class=\"xu06os2 x1ok221b\">\n<div class=\"x11i5rnm xat24cr x1mh8g0r x1vvkbs xtlvy1s x126k92a\">\n<p dir=\"auto\"><span>\u00ab Il m\u2019a fallu traverser les profondes blessures du rejet, de l\u2019abandon, de la trahison, de l\u2019humiliation, du deuil, faire face \u00e0 mes peurs, mes angoisses, mes d\u00e9sirs ambivalents de retourner vers les \u00e9toiles tout en craignant la mort.<\/span><\/p>\n<p dir=\"auto\"><span>J\u2019ai d\u00fb panser mon f\u00e9minin bless\u00e9, faire confiance \u00e0 mon masculin int\u00e9rieur et le laisser prendre sa juste place pour r\u00e9unifier l\u2019unit\u00e9 en moi et trouver la paix.<\/span><\/p>\n<\/div>\n<p dir=\"auto\"><span>J\u2019ai d\u00fb lib\u00e9rer la col\u00e8re, affronter les souffrances de mon h\u00e9ritage transg\u00e9n\u00e9rationnel, laisser couler les larmes d\u2019une tristesse qui semblait sans fin.<\/span><\/p>\n<p dir=\"auto\"><span>J\u2019ai demand\u00e9 pardon \u00e0 mon corps que j\u2019ai si longtemps d\u00e9nigr\u00e9, ignor\u00e9 et maltrait\u00e9 tout en apprenant \u00e0 faire \u00e9quipe avec lui. J\u2019ai r\u00e9veill\u00e9 les zones anesth\u00e9si\u00e9es de mon corps en d\u00e9cryptant ma m\u00e9moire cellulaire, qui elle n\u2019avait rien oubli\u00e9 \u00e0 travers le temps. J\u2019ai parl\u00e9 des heures \u00e0 toutes mes cellules, \u00e0 mon ADN, pour que la vie circule dans tout mon \u00eatre, dans tout mon corps, dans tout mon c\u0153ur.<\/span><\/p>\n<p dir=\"auto\"><span>J\u2019ai retrouv\u00e9 la petite fille que j\u2019\u00e9tais, je l\u2019ai apprivois\u00e9e, cajol\u00e9e, valoris\u00e9e, en gu\u00e9rissant ses maux du c\u0153ur, du corps et de l\u2019esprit. Comme des poup\u00e9es russes ou un puzzle, je me suis retrouv\u00e9e enfin totalement enti\u00e8re : mon amour pour moi-m\u00eame contenu dans mon corps solide que j\u2019ai finalement appris \u00e0 aimer.<\/span><\/p>\n<p dir=\"auto\"><span>Il m\u2019a fallu explorer les aspects de moi-m\u00eame que je m\u00e9prisais pour apprendre \u00e0 me voir et \u00e0 m\u2019accepter enti\u00e8rement, pour \u00eatre authentique, pour m\u2019aimer d\u2019un amour inconditionnel, afin de regarder le monde ext\u00e9rieur avec un nouveau regard plus sage.<\/span><\/p>\n<p dir=\"auto\"><span>Me pardonner d\u2019avoir laiss\u00e9 autant de pouvoir \u00e0 l\u2019ext\u00e9rieur de moi-m\u00eame \u00e9tait incontournable pour enfin reprendre ma souverainet\u00e9. STOP je me positionne et apprend \u00e0 dire non quand je ressens non et \u00e0 dire oui \u00e0 la vie.<\/span><\/p>\n<p dir=\"auto\"><span>J\u2019ai d\u00fb couper tous les liens \u00e9nerg\u00e9tiques de non-amour venant de l\u2019ext\u00e9rieur, tout en confiant aux \u00e9toiles les sacs \u00e0 dos que je portais et qui ne m\u2019appartenaient pas, provenant de mes g\u00e9n\u00e9rations pass\u00e9es ou autres ; et cela tout en r\u00e9cup\u00e9rant mes parts d\u2019amour de moi-m\u00eame que j\u2019avais laiss\u00e9es derri\u00e8re moi, comme des ombres fig\u00e9es au cours de ma travers\u00e9e.<\/span><\/p>\n<p dir=\"auto\"><span>J\u2019ai d\u00fb perdre espoir \u00e0 maintes reprises pour retrouver la foi en moi et en la vie. J\u2019ai eu plusieurs fois l\u2019impression de recommencer \u00e0 z\u00e9ro. Pendant cette transformation, j\u2019ai d\u00fb mourir et rena\u00eetre \u00e9nerg\u00e9tiquement \u00e0 plusieurs reprises pour acc\u00e9der \u00e0 ma v\u00e9ritable puissance, celle dont j\u2019ignorais l\u2019existence, mais qui avait toujours \u00e9t\u00e9 pr\u00e9sente en moi.<\/span><\/p>\n<p dir=\"auto\"><span>J\u2019ai d\u00fb apprendre \u00e0 recevoir totalement l\u2019amour d\u2019un homme sans peur de souffrir et l\u2019aimer sans peur de me perdre.<\/span><\/p>\n<div class=\"x11i5rnm xat24cr x1mh8g0r x1vvkbs xtlvy1s x126k92a\">\n<p dir=\"auto\"><span>Cela m\u2019a pris des ann\u00e9es pour faire \u00e9clore cette femme que je suis devenue. Une femme toujours en \u00e9volution mais sur un chemin joyeux, apais\u00e9, en paix, amoureuse d\u2019elle-m\u00eame, de la vie et de l\u2019amour.<\/span><\/p>\n<p dir=\"auto\"><span>Nathalie\u00a0<span class=\"x3nfvp2 x1j61x8r x1fcty0u xdj266r xhhsvwb xat24cr xgzva0m xxymvpz xlup9mm x1kky2od\"><img loading=\"lazy\" decoding=\"async\" height=\"16\" width=\"16\" alt=\"\ud83c\udf1e\" class=\"xz74otr\" referrerpolicy=\"origin-when-cross-origin\" src=\"https:\/\/static.xx.fbcdn.net\/images\/emoji.php\/v9\/t5f\/1\/16\/1f31e.png\" \/><\/span><span class=\"x3nfvp2 x1j61x8r x1fcty0u xdj266r xhhsvwb xat24cr xgzva0m xxymvpz xlup9mm x1kky2od\"><img loading=\"lazy\" decoding=\"async\" height=\"16\" width=\"16\" alt=\"\ud83c\udf3a\" class=\"xz74otr\" referrerpolicy=\"origin-when-cross-origin\" src=\"https:\/\/static.xx.fbcdn.net\/images\/emoji.php\/v9\/t99\/1\/16\/1f33a.png\" \/><\/span><\/span><\/p>\n<\/div>\n<\/div>\n<\/div>\n<\/div>\n[\/et_pb_text][\/et_pb_column][\/et_pb_row][et_pb_row _builder_version=\u00a0\u00bb3.29.3&Prime;][et_pb_column _builder_version=\u00a0\u00bb3.29.3&Prime; type=\u00a0\u00bb4_4&Prime;][et_pb_image src=\u00a0\u00bbhttps:\/\/isais.live\/wp-content\/uploads\/2024\/05\/PORTRAIT-NATHALIE-.jpg\u00a0\u00bb _builder_version=\u00a0\u00bb3.29.3&Prime; hover_enabled=\u00a0\u00bb0&Prime;][\/et_pb_image][\/et_pb_column][\/et_pb_row][\/et_pb_section]\n","protected":false},"excerpt":{"rendered":"<p>[et_pb_section fb_built=\u00a0\u00bb1&Prime; _builder_version=\u00a0\u00bb3.29.3&Prime;][et_pb_row _builder_version=\u00a0\u00bb3.29.3&Prime;][et_pb_column _builder_version=\u00a0\u00bb3.29.3&Prime; type=\u00a0\u00bb4_4&Prime;][et_pb_text _builder_version=\u00a0\u00bb3.29.3&Prime; hover_enabled=\u00a0\u00bb0&Prime;] RETROSPECTIVE \u00ab Il m\u2019a fallu traverser les profondes blessures du rejet, de l\u2019abandon, de la trahison, de l\u2019humiliation, du deuil, faire face \u00e0 mes peurs, mes angoisses, mes d\u00e9sirs ambivalents de retourner vers les \u00e9toiles tout en craignant la mort. J\u2019ai d\u00fb panser mon f\u00e9minin bless\u00e9, faire [&hellip;]<\/p>\n","protected":false},"author":3,"featured_media":0,"comment_status":"open","ping_status":"open","sticky":true,"template":"","format":"standard","meta":{"_et_pb_use_builder":"on","_et_pb_old_content":"","footnotes":""},"categories":[1],"tags":[],"class_list":["post-837","post","type-post","status-publish","format-standard","hentry","category-non-classe"],"_links":{"self":[{"href":"https:\/\/isais.live\/index.php\/wp-json\/wp\/v2\/posts\/837","targetHints":{"allow":["GET"]}}],"collection":[{"href":"https:\/\/isais.live\/index.php\/wp-json\/wp\/v2\/posts"}],"about":[{"href":"https:\/\/isais.live\/index.php\/wp-json\/wp\/v2\/types\/post"}],"author":[{"embeddable":true,"href":"https:\/\/isais.live\/index.php\/wp-json\/wp\/v2\/users\/3"}],"replies":[{"embeddable":true,"href":"https:\/\/isais.live\/index.php\/wp-json\/wp\/v2\/comments?post=837"}],"version-history":[{"count":3,"href":"https:\/\/isais.live\/index.php\/wp-json\/wp\/v2\/posts\/837\/revisions"}],"predecessor-version":[{"id":1017,"href":"https:\/\/isais.live\/index.php\/wp-json\/wp\/v2\/posts\/837\/revisions\/1017"}],"wp:attachment":[{"href":"https:\/\/isais.live\/index.php\/wp-json\/wp\/v2\/media?parent=837"}],"wp:term":[{"taxonomy":"category","embeddable":true,"href":"https:\/\/isais.live\/index.php\/wp-json\/wp\/v2\/categories?post=837"},{"taxonomy":"post_tag","embeddable":true,"href":"https:\/\/isais.live\/index.php\/wp-json\/wp\/v2\/tags?post=837"}],"curies":[{"name":"wp","href":"https:\/\/api.w.org\/{rel}","templated":true}]}}